{"id":1169,"date":"2020-04-02T21:23:17","date_gmt":"2020-04-02T19:23:17","guid":{"rendered":"http:\/\/s490497976.online.de\/brvblog_new\/wordpress\/?p=1169"},"modified":"2020-04-02T21:28:53","modified_gmt":"2020-04-02T19:28:53","slug":"verschiebung-der-bayerischen-bmx-race-meisterschaft-in-peissenberg","status":"publish","type":"post","link":"http:\/\/s490497976.online.de\/brvblog_new\/wordpress\/verschiebung-der-bayerischen-bmx-race-meisterschaft-in-peissenberg\/","title":{"rendered":"Verschiebung der Bayerischen BMX-Race Meisterschaft in Pei\u00dfenberg"},"content":{"rendered":"<p><img loading=\"lazy\" decoding=\"async\" data-attachment-id=\"87\" data-permalink=\"http:\/\/s490497976.online.de\/brvblog_new\/wordpress\/verschiebung-der-bayerischen-bmx-race-meisterschaft-in-peissenberg\/brv2-3\/\" data-orig-file=\"https:\/\/i0.wp.com\/s490497976.online.de\/brvblog_new\/wordpress\/wp-content\/uploads\/2016\/01\/brv2.jpg?fit=512%2C512\" data-orig-size=\"512,512\" data-comments-opened=\"1\" data-image-meta=\"{&quot;aperture&quot;:&quot;0&quot;,&quot;credit&quot;:&quot;&quot;,&quot;camera&quot;:&quot;&quot;,&quot;caption&quot;:&quot;&quot;,&quot;created_timestamp&quot;:&quot;0&quot;,&quot;copyright&quot;:&quot;&quot;,&quot;focal_length&quot;:&quot;0&quot;,&quot;iso&quot;:&quot;0&quot;,&quot;shutter_speed&quot;:&quot;0&quot;,&quot;title&quot;:&quot;&quot;,&quot;orientation&quot;:&quot;1&quot;}\" data-image-title=\"brv2\" data-image-description=\"\" data-image-caption=\"\" data-medium-file=\"https:\/\/i0.wp.com\/s490497976.online.de\/brvblog_new\/wordpress\/wp-content\/uploads\/2016\/01\/brv2.jpg?fit=300%2C300\" data-large-file=\"https:\/\/i0.wp.com\/s490497976.online.de\/brvblog_new\/wordpress\/wp-content\/uploads\/2016\/01\/brv2.jpg?fit=512%2C512\" class=\"alignright wp-image-87 size-thumbnail\" src=\"https:\/\/i0.wp.com\/s490497976.online.de\/brvblog_new\/wordpress\/wp-content\/uploads\/2016\/01\/brv2.jpg?resize=150%2C150\" alt=\"\" width=\"150\" height=\"150\" srcset=\"https:\/\/i0.wp.com\/s490497976.online.de\/brvblog_new\/wordpress\/wp-content\/uploads\/2016\/01\/brv2.jpg?resize=150%2C150 150w, https:\/\/i0.wp.com\/s490497976.online.de\/brvblog_new\/wordpress\/wp-content\/uploads\/2016\/01\/brv2.jpg?resize=300%2C300 300w, https:\/\/i0.wp.com\/s490497976.online.de\/brvblog_new\/wordpress\/wp-content\/uploads\/2016\/01\/brv2.jpg?w=512 512w\" sizes=\"(max-width: 150px) 100vw, 150px\" data-recalc-dims=\"1\" \/>F\u00fcr Sonntag, 3.Mai 2020 waren die Bayerischen Meisterschaften in der Sparte BMX Race angesetzt.<\/p>\n<p>Auf Grund der aktuellen Situation m\u00fcssen diese leider nun abgesagt werden. Ein Ersatztermin wird ggf. kurzfristig in Abh\u00e4ngigkeit des weiteren Verlaufes der Corona Pandemie bekanntgegeben.<\/p>\n<p>Wir w\u00fcnschen allen Sportlern, Eltern und Betreuern Gesundheit und freuen uns auf ein baldiges Wiedersehen.<\/p>\n<p>Bleibt gesund!<\/p>\n<p><strong>Erg\u00e4nzender Hinweis zur Gesamtwertung der BMX-Bayernliga: <\/strong><\/p>\n<p>Zum aktuellen Stand wird die Serienwertung ohne abgesagten Veranstaltungen durchgef\u00fchrt. In die Wertung gehen dann lediglich alle noch stattfindenden Rennen (incl. der abgesagten Rennen mit einem Nachholtermin bis zum Bayernliga Endlauf) ein. Sollten wir durch weitere Rennabsagen doch noch gezwungen werden Anpassungen in den Wertungen vorzunehmen, werden diese in den amtlichen Organen entsprechend ver\u00f6ffentlicht.<\/p>\n","protected":false},"excerpt":{"rendered":"<p>F\u00fcr Sonntag, 3.Mai 2020 waren die Bayerischen Meisterschaften in der Sparte BMX Race angesetzt. Auf Grund der aktuellen Situation m\u00fcssen diese leider nun abgesagt werden. Ein Ersatztermin wird ggf. kurzfristig in Abh\u00e4ngigkeit des weiteren Verlaufes der Corona Pandemie bekanntgegeben. Wir w\u00fcnschen allen Sportlern, Eltern und Betreuern Gesundheit und freuen uns auf ein baldiges Wiedersehen. Bleibt [&hellip;]<\/p>\n","protected":false},"author":1,"featured_media":0,"comment_status":"closed","ping_status":"closed","sticky":false,"template":"","format":"standard","meta":{"jetpack_post_was_ever_published":false,"_jetpack_newsletter_access":"","_jetpack_newsletter_tier_id":0,"footnotes":"","jetpack_publicize_message":"","jetpack_is_tweetstorm":false,"jetpack_publicize_feature_enabled":true,"jetpack_social_post_already_shared":true,"jetpack_social_options":{"image_generator_settings":{"template":"highway","enabled":false}}},"categories":[1],"tags":[],"jetpack_publicize_connections":[],"jetpack_featured_media_url":"","jetpack_sharing_enabled":true,"jetpack_shortlink":"https:\/\/wp.me\/p77Kxm-iR","jetpack-related-posts":[{"id":1154,"url":"http:\/\/s490497976.online.de\/brvblog_new\/wordpress\/covid-19-hinweis-zur-gesamtwertung-bmx-bayernliga-und-status-sichtungsrennen\/","url_meta":{"origin":1169,"position":0},"title":"COVID-19 Hinweis zur Gesamtwertung BMX Bayernliga und Status Sichtungsrennen","author":"LFW","date":"12. M\u00e4rz 2020","format":false,"excerpt":"Aufgrund der sich derzeit darstellenden Entwicklung zur\u00a0Ausbreitung des Coronavirus gilt folgendes: Bis auf weiteres setzt der BRV die Wertung der BMX Bayernliga 2020 aus (Stand 12.03.2020). Gleiches gilt f\u00fcr den Status \"Sichtungsrennen Bayernkader\". Dies bedeutet, das Ergebnisse von stattfindenden Rennen bis auf Widerruf keinen Eingang in die Gesamtwertung zur BMX\u2026","rel":"","context":"In &quot;Allgemein&quot;","block_context":{"text":"Allgemein","link":"http:\/\/s490497976.online.de\/brvblog_new\/wordpress\/category\/allgemein\/"},"img":{"alt_text":"","src":"","width":0,"height":0},"classes":[]},{"id":1195,"url":"http:\/\/s490497976.online.de\/brvblog_new\/wordpress\/ausschreibung-bayerische-bmx-meisterschaft-infopaket-inkl-hygienekonzept\/","url_meta":{"origin":1169,"position":1},"title":"Ausschreibung Bayerische BMX Meisterschaft, Infopaket inkl. Hygienekonzept","author":"LFW","date":"30. Juli 2020","format":false,"excerpt":"Hallo zusammen, anbei erhaltet Ihr die Ausschreibung zur LVM. Ebenfalls eine Vielzahl von Informationen, die es zu beachten gilt, damit wir unter CORONA-Rahmenbedingungen diese Veranstaltung abhalten k\u00f6nnen. Hier einige wichtige Termine und erste Infos im \u00dcberblick, was aber nicht davon befreit sich alle Dokumente im Detail anzusehen. Bitte beachtet die\u2026","rel":"","context":"In &quot;Allgemein&quot;","block_context":{"text":"Allgemein","link":"http:\/\/s490497976.online.de\/brvblog_new\/wordpress\/category\/allgemein\/"},"img":{"alt_text":"","src":"https:\/\/i0.wp.com\/s490497976.online.de\/brvblog_new\/wordpress\/wp-content\/uploads\/2020\/07\/Lagebeschreibung-analog-Hygienekonzept-250x300.jpg?resize=350%2C200","width":350,"height":200},"classes":[]},{"id":155,"url":"http:\/\/s490497976.online.de\/brvblog_new\/wordpress\/allgemeine-informationen-zum-saisonstart-bmx-bayernliga\/","url_meta":{"origin":1169,"position":2},"title":"Allgemeine Informationen zum Saisonstart BMX-Bayernliga","author":"LFW","date":"20. M\u00e4rz 2016","format":false,"excerpt":"Einschreibung: Die Einschreibezeiten sind am Samstag von 10 - 11 Uhr \/ Sonntag von 9 - 10 Uhr (Bitte um p\u00fcnktliches Erscheinen) Es wird bei den Lizenzen und den Beginnerkarten ein Barcode bei der ersten Einschreibung 2016 aufgebracht. Dieser erleichtert uns allen die zuk\u00fcnftige Einschreibung. Der Rennstart ist Samstag um\u2026","rel":"","context":"In &quot;Allgemein&quot;","block_context":{"text":"Allgemein","link":"http:\/\/s490497976.online.de\/brvblog_new\/wordpress\/category\/allgemein\/"},"img":{"alt_text":"","src":"","width":0,"height":0},"classes":[]},{"id":341,"url":"http:\/\/s490497976.online.de\/brvblog_new\/wordpress\/bmx-bayernliga-rennen-gap-und-peissenberg\/","url_meta":{"origin":1169,"position":3},"title":"BMX Bayernliga Rennen GAP und Pei\u00dfenberg","author":"LFW","date":"2. September 2016","format":false,"excerpt":"Das geplante Bayernliga-Rennen in Garmisch-Partenkirchen am 02.10. muss leider entfallen. Stattdessen findet dieses Rennen am gleichen Tag in Pei\u00dfenberg statt. Gleichzeitig wird der Endlauf der BMX-Bayernliga 2016 vom 09. Oktober auf den 03. Oktober vorgezogen. Dieses Rennen findet ebenfalls in Pei\u00dfenberg statt. \u00a0Der Rennkalender\u00a0wurde entsprechend angepasst. Achtung: Rennstart\u00a0am 03.10. abweichend\u2026","rel":"","context":"In &quot;Allgemein&quot;","block_context":{"text":"Allgemein","link":"http:\/\/s490497976.online.de\/brvblog_new\/wordpress\/category\/allgemein\/"},"img":{"alt_text":"","src":"","width":0,"height":0},"classes":[]},{"id":1345,"url":"http:\/\/s490497976.online.de\/brvblog_new\/wordpress\/achtung-aenderung-austragungsort-bmx-bayernliga-juli-2021\/","url_meta":{"origin":1169,"position":4},"title":"Achtung: \u00c4nderung Austragungsort BMX-Bayernliga Juli 2021","author":"LFW","date":"15. Juni 2021","format":false,"excerpt":"Aufgrund von dringenden, umfangreichen und nicht aufschiebbaren Wartungs- und Instandhaltungsarbeiten auf der BMX Bahn in F\u00fcrstenfeldbruck wird das Rennen am Wochenende 24.\/25.07. von F\u00fcrstenfeldbruck nach Kolbermoor verlegt. Danke an die DJK Kolbermoor, das Rennen kurzfristig zu \u00fcbernehmen und damit die geplante Anzahl der BayL Rennen 2021 zu gew\u00e4hrleisten.","rel":"","context":"In &quot;Allgemein&quot;","block_context":{"text":"Allgemein","link":"http:\/\/s490497976.online.de\/brvblog_new\/wordpress\/category\/allgemein\/"},"img":{"alt_text":"","src":"","width":0,"height":0},"classes":[]},{"id":1180,"url":"http:\/\/s490497976.online.de\/brvblog_new\/wordpress\/absage-der-bmx-bayernliga-rennen-in-ingolstadt-und-kolbermmoor-18-19-juli\/","url_meta":{"origin":1169,"position":5},"title":"Absage der BMX-Bayernliga Rennen in Ingolstadt und Kolbermmoor (18.\/19.Juli)","author":"LFW","date":"23. Mai 2020","format":false,"excerpt":"Die beiden L\u00e4ufe zur BMX-Bayernliga 2020 in Ingolstadt und Kolbermoor wurden aufgrund der COVID-19 Pandemie und dem aktuell bestehenden Wettkampfverbot abgesagt. \u00dcber die M\u00f6glichkeiten das Rennen in Weilheim am 26.07. stattfinden zu lassen,\u00a0 befindet der Veranstalter bis zum 20. Juni abschlie\u00dfend. \u00a0","rel":"","context":"In &quot;Allgemein&quot;","block_context":{"text":"Allgemein","link":"http:\/\/s490497976.online.de\/brvblog_new\/wordpress\/category\/allgemein\/"},"img":{"alt_text":"","src":"","width":0,"height":0},"classes":[]}],"_links":{"self":[{"href":"http:\/\/s490497976.online.de\/brvblog_new\/wordpress\/wp-json\/wp\/v2\/posts\/1169"}],"collection":[{"href":"http:\/\/s490497976.online.de\/brvblog_new\/wordpress\/wp-json\/wp\/v2\/posts"}],"about":[{"href":"http:\/\/s490497976.online.de\/brvblog_new\/wordpress\/wp-json\/wp\/v2\/types\/post"}],"author":[{"embeddable":true,"href":"http:\/\/s490497976.online.de\/brvblog_new\/wordpress\/wp-json\/wp\/v2\/users\/1"}],"replies":[{"embeddable":true,"href":"http:\/\/s490497976.online.de\/brvblog_new\/wordpress\/wp-json\/wp\/v2\/comments?post=1169"}],"version-history":[{"count":3,"href":"http:\/\/s490497976.online.de\/brvblog_new\/wordpress\/wp-json\/wp\/v2\/posts\/1169\/revisions"}],"predecessor-version":[{"id":1172,"href":"http:\/\/s490497976.online.de\/brvblog_new\/wordpress\/wp-json\/wp\/v2\/posts\/1169\/revisions\/1172"}],"wp:attachment":[{"href":"http:\/\/s490497976.online.de\/brvblog_new\/wordpress\/wp-json\/wp\/v2\/media?parent=1169"}],"wp:term":[{"taxonomy":"category","embeddable":true,"href":"http:\/\/s490497976.online.de\/brvblog_new\/wordpress\/wp-json\/wp\/v2\/categories?post=1169"},{"taxonomy":"post_tag","embeddable":true,"href":"http:\/\/s490497976.online.de\/brvblog_new\/wordpress\/wp-json\/wp\/v2\/tags?post=1169"}],"curies":[{"name":"wp","href":"https:\/\/api.w.org\/{rel}","templated":true}]}}